{"id":562,"date":"2007-01-01T00:08:22","date_gmt":"2006-12-31T22:08:22","guid":{"rendered":"http:\/\/www.jffh.de\/?p=562"},"modified":"2009-04-03T22:04:23","modified_gmt":"2009-04-03T20:04:23","slug":"waiting-in-the-dark","status":"publish","type":"post","link":"https:\/\/archiv.jffh.de\/ja\/2007\/waiting-in-the-dark\/","title":{"rendered":"WAITING IN THE DARK"},"content":{"rendered":"<p><\/p>\n<p>von Daisuke Tengan | 2006 |  129 Min. | 35mm | OmeU | Internationale-Premiere<\/p>\n<p>Michiru ist bei einem Autounfall erblindet. Seit dem Tod ihres Vaters lebt sie allein. Eines Tages schleicht sich, der des Mordes Verd\u00e4chtigte, Akihiro in ihr Haus. Obwohl sie nicht genau wei\u00df was los ist, sp\u00fcrt sie, dass etwas nicht stimmt. Wer ist Akihiro? Ist er wirklich ein M\u00f6rder? Wird Michiru in ihrem Haus allein mit dem Fremden sicher sein??? Das spannende und seltsame Leben von Akihiro und Michiku nimmt seinen Lauf. Dieser Film basiert auf dem Bestseller \u201eKurai Tokoro de Machiawase\u201c von Otsuichi. Geschrieben 2002 und bisher mehr als 210.000 Exemplare verkauft.<\/p>\n<p>\u6697\u3044\u3068\u3053\u308d\u3067\u5f85\u3061\u5408\u308f\u305b (Kurai tokoro de machiawase) | Geneon Entertainment<\/p>\n<p><a href=\"https:\/\/jffh.de\/wp-content\/uploads\/2009\/01\/waiting_in_the_dark.jpg\"><img decoding=\"async\" loading=\"lazy\" class=\"alignnone size-full wp-image-563\" src=\"https:\/\/jffh.de\/wp-content\/uploads\/2009\/01\/waiting_in_the_dark.jpg\" alt=\"\" width=\"340\" height=\"227\" srcset=\"https:\/\/archiv.jffh.de\/wp-content\/uploads\/2009\/01\/waiting_in_the_dark.jpg 340w, https:\/\/archiv.jffh.de\/wp-content\/uploads\/2009\/01\/waiting_in_the_dark-300x200.jpg 300w\" sizes=\"(max-width: 340px) 100vw, 340px\" \/><\/a><\/p>\n<p><a href=\"https:\/\/jffh.de\/wp-content\/uploads\/2009\/01\/waiting_in_the_dark2.jpg\"><img decoding=\"async\" loading=\"lazy\" class=\"alignnone size-full wp-image-564\" src=\"https:\/\/jffh.de\/wp-content\/uploads\/2009\/01\/waiting_in_the_dark2.jpg\" alt=\"\" width=\"170\" height=\"113\" \/><\/a><\/p>\n<hr \/>\n<p><\/p>\n<div class=\"twoclick_social_bookmarks_post_562 social_share_privacy clearfix 1.6.4 locale-ja sprite-de_DE\"><\/div><div class=\"twoclick-js\"><script type=\"text\/javascript\">\/* <![CDATA[ *\/\njQuery(document).ready(function($){if($('.twoclick_social_bookmarks_post_562')){$('.twoclick_social_bookmarks_post_562').socialSharePrivacy({\"services\":{\"facebook\":{\"status\":\"on\",\"txt_info\":\"2 Klicks f\\u00fcr mehr Datenschutz: Erst wenn Sie hier klicken, wird der Button aktiv und Sie k\\u00f6nnen Ihre Empfehlung an Facebook senden. Schon beim Aktivieren werden Daten an Dritte \\u00fcbertragen - siehe <em>i<\\\/em>.\",\"perma_option\":\"off\",\"action\":\"like\",\"language\":\"de_DE\"},\"twitter\":{\"reply_to\":\"\",\"tweet_text\":\"%20WAITING%20IN%20THE%20DARK%20%C2%BB%20...\",\"status\":\"on\",\"txt_info\":\"2 Klicks f\\u00fcr mehr Datenschutz: Erst wenn Sie hier klicken, wird der Button aktiv und Sie k\\u00f6nnen Ihre Empfehlung an Twitter senden. Schon beim Aktivieren werden Daten an Dritte \\u00fcbertragen - siehe <em>i<\\\/em>.\",\"perma_option\":\"off\",\"language\":\"de\",\"referrer_track\":\"\"}},\"txt_help\":\"Wenn Sie diese Felder durch einen Klick aktivieren, werden Informationen an Facebook, Twitter, Flattr, Xing, t3n, LinkedIn, Pinterest oder Google eventuell ins Ausland \\u00fcbertragen und unter Umst\\u00e4nden auch dort gespeichert. N\\u00e4heres erfahren Sie durch einen Klick auf das <em>i<\\\/em>.\",\"settings_perma\":\"Dauerhaft aktivieren und Daten\\u00fcber-tragung zustimmen:\",\"info_link\":\"http:\\\/\\\/www.heise.de\\\/ct\\\/artikel\\\/2-Klicks-fuer-mehr-Datenschutz-1333879.html\",\"uri\":\"https:\\\/\\\/archiv.jffh.de\\\/ja\\\/2007\\\/waiting-in-the-dark\\\/\",\"post_id\":562,\"post_title_referrer_track\":\"WAITING+IN+THE+DARK\",\"display_infobox\":\"on\"});}});\n\/* ]]> *\/<\/script><\/div>","protected":false},"excerpt":{"rendered":"<div class=\"seriesmeta\">This entry is part 24 of 42 in the series <a href=\"https:\/\/archiv.jffh.de\/ja\/series\/jffh2007\/\" class=\"series-53\" title=\"JFFH 2007\">JFFH 2007<\/a><\/div><p>von Daisuke Tengan | 2006 | 129 Min. | 35mm | OmeU | Internationale-Premiere Michiru ist bei einem Autounfall  [&hellip;]<\/p>\n","protected":false},"author":5,"featured_media":0,"comment_status":"closed","ping_status":"open","sticky":false,"template":"","format":"standard","meta":[],"categories":[96],"tags":[56],"series":[53],"_links":{"self":[{"href":"https:\/\/archiv.jffh.de\/ja\/wp-json\/wp\/v2\/posts\/562"}],"collection":[{"href":"https:\/\/archiv.jffh.de\/ja\/wp-json\/wp\/v2\/posts"}],"about":[{"href":"https:\/\/archiv.jffh.de\/ja\/wp-json\/wp\/v2\/types\/post"}],"author":[{"embeddable":true,"href":"https:\/\/archiv.jffh.de\/ja\/wp-json\/wp\/v2\/users\/5"}],"replies":[{"embeddable":true,"href":"https:\/\/archiv.jffh.de\/ja\/wp-json\/wp\/v2\/comments?post=562"}],"version-history":[{"count":0,"href":"https:\/\/archiv.jffh.de\/ja\/wp-json\/wp\/v2\/posts\/562\/revisions"}],"wp:attachment":[{"href":"https:\/\/archiv.jffh.de\/ja\/wp-json\/wp\/v2\/media?parent=562"}],"wp:term":[{"taxonomy":"category","embeddable":true,"href":"https:\/\/archiv.jffh.de\/ja\/wp-json\/wp\/v2\/categories?post=562"},{"taxonomy":"post_tag","embeddable":true,"href":"https:\/\/archiv.jffh.de\/ja\/wp-json\/wp\/v2\/tags?post=562"},{"taxonomy":"series","embeddable":true,"href":"https:\/\/archiv.jffh.de\/ja\/wp-json\/wp\/v2\/series?post=562"}],"curies":[{"name":"wp","href":"https:\/\/api.w.org\/{rel}","templated":true}]}}