{"id":641,"date":"2007-01-01T02:42:49","date_gmt":"2007-01-01T00:42:49","guid":{"rendered":"http:\/\/www.jffh.de\/?p=641"},"modified":"2009-04-03T21:42:53","modified_gmt":"2009-04-03T19:42:53","slug":"erinnerungen-einer-freundschaft","status":"publish","type":"post","link":"https:\/\/archiv.jffh.de\/ja\/2007\/erinnerungen-einer-freundschaft\/","title":{"rendered":"ERINNERUNGEN EINER&#8230;"},"content":{"rendered":"<p><\/p>\n<p>von Matthias Hickstein | 2007 | 22 Min. | Beta | OmdU<\/p>\n<p>Freundschaft und Einsamkeit &#8211; in japanischen Filmen immer wieder thematisiert. Matthias Hickstein hat diese beiden Themen als Grundlage f\u00fcr seinen Kurzfilm ERINNERUNGEN EINER FREUNDSCHAFT ausgesucht und die kurze Freundschaft zweier Japanerinnen in D\u00fcsseldorf in ausdruckstarken Bildern beschrieben. Der Kurzfilmer und Japanologiestudent konnte f\u00fcr sein Projekt unter anderem den japanischen Musiker Hatakeyama Chihei gewinnen.<\/p>\n<p><a href=\"https:\/\/jffh.de\/wp-content\/uploads\/2009\/01\/freundschaft.jpg\"><img decoding=\"async\" loading=\"lazy\" class=\"alignnone size-full wp-image-642\" src=\"https:\/\/jffh.de\/wp-content\/uploads\/2009\/01\/freundschaft.jpg\" alt=\"\" width=\"340\" height=\"161\" srcset=\"https:\/\/archiv.jffh.de\/wp-content\/uploads\/2009\/01\/freundschaft.jpg 340w, https:\/\/archiv.jffh.de\/wp-content\/uploads\/2009\/01\/freundschaft-300x142.jpg 300w\" sizes=\"(max-width: 340px) 100vw, 340px\" \/><\/a><\/p>\n<p><a href=\"https:\/\/jffh.de\/wp-content\/uploads\/2009\/01\/freundschaft2.jpg\"><img decoding=\"async\" loading=\"lazy\" class=\"alignnone size-full wp-image-643\" src=\"https:\/\/jffh.de\/wp-content\/uploads\/2009\/01\/freundschaft2.jpg\" alt=\"\" width=\"340\" height=\"161\" srcset=\"https:\/\/archiv.jffh.de\/wp-content\/uploads\/2009\/01\/freundschaft2.jpg 340w, https:\/\/archiv.jffh.de\/wp-content\/uploads\/2009\/01\/freundschaft2-300x142.jpg 300w\" sizes=\"(max-width: 340px) 100vw, 340px\" \/><\/a><\/p>\n<hr \/>\n<p><\/p>\n<div class=\"twoclick_social_bookmarks_post_641 social_share_privacy clearfix 1.6.4 locale-ja sprite-de_DE\"><\/div><div class=\"twoclick-js\"><script type=\"text\/javascript\">\/* <![CDATA[ *\/\njQuery(document).ready(function($){if($('.twoclick_social_bookmarks_post_641')){$('.twoclick_social_bookmarks_post_641').socialSharePrivacy({\"services\":{\"facebook\":{\"status\":\"on\",\"txt_info\":\"2 Klicks f\\u00fcr mehr Datenschutz: Erst wenn Sie hier klicken, wird der Button aktiv und Sie k\\u00f6nnen Ihre Empfehlung an Facebook senden. Schon beim Aktivieren werden Daten an Dritte \\u00fcbertragen - siehe <em>i<\\\/em>.\",\"perma_option\":\"off\",\"action\":\"like\",\"language\":\"de_DE\"},\"twitter\":{\"reply_to\":\"\",\"tweet_text\":\"%20ERINNERUNGEN%20EINER%E2%80%A6%20%C2%BB%20...\",\"status\":\"on\",\"txt_info\":\"2 Klicks f\\u00fcr mehr Datenschutz: Erst wenn Sie hier klicken, wird der Button aktiv und Sie k\\u00f6nnen Ihre Empfehlung an Twitter senden. Schon beim Aktivieren werden Daten an Dritte \\u00fcbertragen - siehe <em>i<\\\/em>.\",\"perma_option\":\"off\",\"language\":\"de\",\"referrer_track\":\"\"}},\"txt_help\":\"Wenn Sie diese Felder durch einen Klick aktivieren, werden Informationen an Facebook, Twitter, Flattr, Xing, t3n, LinkedIn, Pinterest oder Google eventuell ins Ausland \\u00fcbertragen und unter Umst\\u00e4nden auch dort gespeichert. N\\u00e4heres erfahren Sie durch einen Klick auf das <em>i<\\\/em>.\",\"settings_perma\":\"Dauerhaft aktivieren und Daten\\u00fcber-tragung zustimmen:\",\"info_link\":\"http:\\\/\\\/www.heise.de\\\/ct\\\/artikel\\\/2-Klicks-fuer-mehr-Datenschutz-1333879.html\",\"uri\":\"https:\\\/\\\/archiv.jffh.de\\\/ja\\\/2007\\\/erinnerungen-einer-freundschaft\\\/\",\"post_id\":641,\"post_title_referrer_track\":\"ERINNERUNGEN+EINER%26%238230%3B\",\"display_infobox\":\"on\"});}});\n\/* ]]> *\/<\/script><\/div>","protected":false},"excerpt":{"rendered":"<div class=\"seriesmeta\">This entry is part 3 of 42 in the series <a href=\"https:\/\/archiv.jffh.de\/ja\/series\/jffh2007\/\" class=\"series-53\" title=\"JFFH 2007\">JFFH 2007<\/a><\/div><p>von Matthias Hickstein | 2007 | 22 Min. | Beta | OmdU Freundschaft und Einsamkeit &#8211; in japanischen Filme [&hellip;]<\/p>\n","protected":false},"author":5,"featured_media":0,"comment_status":"closed","ping_status":"open","sticky":false,"template":"","format":"standard","meta":[],"categories":[96],"tags":[56],"series":[53],"_links":{"self":[{"href":"https:\/\/archiv.jffh.de\/ja\/wp-json\/wp\/v2\/posts\/641"}],"collection":[{"href":"https:\/\/archiv.jffh.de\/ja\/wp-json\/wp\/v2\/posts"}],"about":[{"href":"https:\/\/archiv.jffh.de\/ja\/wp-json\/wp\/v2\/types\/post"}],"author":[{"embeddable":true,"href":"https:\/\/archiv.jffh.de\/ja\/wp-json\/wp\/v2\/users\/5"}],"replies":[{"embeddable":true,"href":"https:\/\/archiv.jffh.de\/ja\/wp-json\/wp\/v2\/comments?post=641"}],"version-history":[{"count":0,"href":"https:\/\/archiv.jffh.de\/ja\/wp-json\/wp\/v2\/posts\/641\/revisions"}],"wp:attachment":[{"href":"https:\/\/archiv.jffh.de\/ja\/wp-json\/wp\/v2\/media?parent=641"}],"wp:term":[{"taxonomy":"category","embeddable":true,"href":"https:\/\/archiv.jffh.de\/ja\/wp-json\/wp\/v2\/categories?post=641"},{"taxonomy":"post_tag","embeddable":true,"href":"https:\/\/archiv.jffh.de\/ja\/wp-json\/wp\/v2\/tags?post=641"},{"taxonomy":"series","embeddable":true,"href":"https:\/\/archiv.jffh.de\/ja\/wp-json\/wp\/v2\/series?post=641"}],"curies":[{"name":"wp","href":"https:\/\/api.w.org\/{rel}","templated":true}]}}