{"id":691,"date":"2007-01-01T03:52:01","date_gmt":"2007-01-01T01:52:01","guid":{"rendered":"http:\/\/www.jffh.de\/?p=691"},"modified":"2017-05-24T18:11:59","modified_gmt":"2017-05-24T16:11:59","slug":"paprika","status":"publish","type":"post","link":"https:\/\/archiv.jffh.de\/ja\/2007\/paprika\/","title":{"rendered":"PAPRIKA"},"content":{"rendered":"<p><\/p>\n<p>von Satoshi Kon | 2006 | 90 Min. | 35mm | OmeU<br \/>\n<!--more--><br \/>\nIn naher Zukunft wird ein neue psychotherapeutische Behandlungsmethode erfunden. W\u00e4hrend die Patienten schlafen, erkundet ein Ger\u00e4t, das \u201eDC Mini\u201c, ihr Unterbewusstsein. Ein \u201eDC Mini\u201c wird gestohlen und gelangt in die H\u00e4nde Krimineller, die es einsetzen k\u00f6nnten, um die Pers\u00f6nlichkeit der Tr\u00e4umenden zu zerst\u00f6ren. Dr. Atsuko Chiba betritt die Traumwelt als ihr Alter Ego namens \u201ePaprika\u201c, um die Schuldigen ausfindig zu machen.<\/p>\n<p>\u30d1\u30d7\u30ea\u30ab (Papurika) |<!-- <a href=\"http:\/\/www.so-net.ne.jp\/movie\/sonypictures\/homevideo\/paprika\/index.html\">Offizielle Website<\/a> |--> Sony<\/p>\n<p><a href=\"https:\/\/jffh.de\/wp-content\/uploads\/2009\/01\/paprika1.jpg\"><img decoding=\"async\" loading=\"lazy\" class=\"alignnone size-full wp-image-692\" src=\"https:\/\/jffh.de\/wp-content\/uploads\/2009\/01\/paprika1.jpg\" alt=\"\" width=\"340\" height=\"184\" srcset=\"https:\/\/archiv.jffh.de\/wp-content\/uploads\/2009\/01\/paprika1.jpg 340w, https:\/\/archiv.jffh.de\/wp-content\/uploads\/2009\/01\/paprika1-300x162.jpg 300w\" sizes=\"(max-width: 340px) 100vw, 340px\" \/><\/a><\/p>\n<p><a href=\"https:\/\/jffh.de\/wp-content\/uploads\/2009\/01\/paprika2.jpg\"><img decoding=\"async\" loading=\"lazy\" class=\"alignnone size-full wp-image-693\" src=\"https:\/\/jffh.de\/wp-content\/uploads\/2009\/01\/paprika2.jpg\" alt=\"\" width=\"340\" height=\"184\" srcset=\"https:\/\/archiv.jffh.de\/wp-content\/uploads\/2009\/01\/paprika2.jpg 340w, https:\/\/archiv.jffh.de\/wp-content\/uploads\/2009\/01\/paprika2-300x162.jpg 300w\" sizes=\"(max-width: 340px) 100vw, 340px\" \/><\/a><\/p>\n<p><a href=\"https:\/\/jffh.de\/wp-content\/uploads\/2009\/01\/paprika3.jpg\"><img decoding=\"async\" loading=\"lazy\" class=\"alignnone size-full wp-image-694\" src=\"https:\/\/jffh.de\/wp-content\/uploads\/2009\/01\/paprika3.jpg\" alt=\"\" width=\"340\" height=\"184\" srcset=\"https:\/\/archiv.jffh.de\/wp-content\/uploads\/2009\/01\/paprika3.jpg 340w, https:\/\/archiv.jffh.de\/wp-content\/uploads\/2009\/01\/paprika3-300x162.jpg 300w\" sizes=\"(max-width: 340px) 100vw, 340px\" \/><\/a><\/p>\n<hr \/>\n<p><\/p>\n<div class=\"twoclick_social_bookmarks_post_691 social_share_privacy clearfix 1.6.4 locale-ja sprite-de_DE\"><\/div><div class=\"twoclick-js\"><script type=\"text\/javascript\">\/* <![CDATA[ *\/\njQuery(document).ready(function($){if($('.twoclick_social_bookmarks_post_691')){$('.twoclick_social_bookmarks_post_691').socialSharePrivacy({\"services\":{\"facebook\":{\"status\":\"on\",\"txt_info\":\"2 Klicks f\\u00fcr mehr Datenschutz: Erst wenn Sie hier klicken, wird der Button aktiv und Sie k\\u00f6nnen Ihre Empfehlung an Facebook senden. Schon beim Aktivieren werden Daten an Dritte \\u00fcbertragen - siehe <em>i<\\\/em>.\",\"perma_option\":\"off\",\"action\":\"like\",\"language\":\"de_DE\"},\"twitter\":{\"reply_to\":\"\",\"tweet_text\":\"PAPRIKA%20%C2%BB%20%E3%83%8F%E3%83%B3%E3%83%96%E3%83%AB%E3%82%B0%E6%97%A5%E6%9C%AC%E6%98%A0%E7%94%BB%E7%A5%AD\",\"status\":\"on\",\"txt_info\":\"2 Klicks f\\u00fcr mehr Datenschutz: Erst wenn Sie hier klicken, wird der Button aktiv und Sie k\\u00f6nnen Ihre Empfehlung an Twitter senden. Schon beim Aktivieren werden Daten an Dritte \\u00fcbertragen - siehe <em>i<\\\/em>.\",\"perma_option\":\"off\",\"language\":\"de\",\"referrer_track\":\"\"}},\"txt_help\":\"Wenn Sie diese Felder durch einen Klick aktivieren, werden Informationen an Facebook, Twitter, Flattr, Xing, t3n, LinkedIn, Pinterest oder Google eventuell ins Ausland \\u00fcbertragen und unter Umst\\u00e4nden auch dort gespeichert. N\\u00e4heres erfahren Sie durch einen Klick auf das <em>i<\\\/em>.\",\"settings_perma\":\"Dauerhaft aktivieren und Daten\\u00fcber-tragung zustimmen:\",\"info_link\":\"http:\\\/\\\/www.heise.de\\\/ct\\\/artikel\\\/2-Klicks-fuer-mehr-Datenschutz-1333879.html\",\"uri\":\"https:\\\/\\\/archiv.jffh.de\\\/ja\\\/2007\\\/paprika\\\/\",\"post_id\":691,\"post_title_referrer_track\":\"PAPRIKA\",\"display_infobox\":\"on\"});}});\n\/* ]]> *\/<\/script><\/div>","protected":false},"excerpt":{"rendered":"<div class=\"seriesmeta\">This entry is part 42 of 42 in the series <a href=\"https:\/\/archiv.jffh.de\/ja\/series\/jffh2007\/\" class=\"series-53\" title=\"JFFH 2007\">JFFH 2007<\/a><\/div><p>\u7533\u3057\u8a33\u3042\u308a\u307e\u305b\u3093\u3001\u3053\u306e\u30b3\u30f3\u30c6\u30f3\u30c4\u306f\u305f\u3060\u4eca\u3000\u30c9\u30a4\u30c4\u8a9e\u3000\u306e\u307f\u3067\u3059\u3002<\/p>\n","protected":false},"author":5,"featured_media":0,"comment_status":"closed","ping_status":"open","sticky":false,"template":"","format":"standard","meta":[],"categories":[96],"tags":[56],"series":[53],"_links":{"self":[{"href":"https:\/\/archiv.jffh.de\/ja\/wp-json\/wp\/v2\/posts\/691"}],"collection":[{"href":"https:\/\/archiv.jffh.de\/ja\/wp-json\/wp\/v2\/posts"}],"about":[{"href":"https:\/\/archiv.jffh.de\/ja\/wp-json\/wp\/v2\/types\/post"}],"author":[{"embeddable":true,"href":"https:\/\/archiv.jffh.de\/ja\/wp-json\/wp\/v2\/users\/5"}],"replies":[{"embeddable":true,"href":"https:\/\/archiv.jffh.de\/ja\/wp-json\/wp\/v2\/comments?post=691"}],"version-history":[{"count":2,"href":"https:\/\/archiv.jffh.de\/ja\/wp-json\/wp\/v2\/posts\/691\/revisions"}],"predecessor-version":[{"id":11929,"href":"https:\/\/archiv.jffh.de\/ja\/wp-json\/wp\/v2\/posts\/691\/revisions\/11929"}],"wp:attachment":[{"href":"https:\/\/archiv.jffh.de\/ja\/wp-json\/wp\/v2\/media?parent=691"}],"wp:term":[{"taxonomy":"category","embeddable":true,"href":"https:\/\/archiv.jffh.de\/ja\/wp-json\/wp\/v2\/categories?post=691"},{"taxonomy":"post_tag","embeddable":true,"href":"https:\/\/archiv.jffh.de\/ja\/wp-json\/wp\/v2\/tags?post=691"},{"taxonomy":"series","embeddable":true,"href":"https:\/\/archiv.jffh.de\/ja\/wp-json\/wp\/v2\/series?post=691"}],"curies":[{"name":"wp","href":"https:\/\/api.w.org\/{rel}","templated":true}]}}