{"id":696,"date":"2007-01-01T03:55:33","date_gmt":"2007-01-01T01:55:33","guid":{"rendered":"http:\/\/www.jffh.de\/?p=696"},"modified":"2009-04-03T22:00:59","modified_gmt":"2009-04-03T20:00:59","slug":"tekkonkinkreet","status":"publish","type":"post","link":"https:\/\/archiv.jffh.de\/ja\/2007\/tekkonkinkreet\/","title":{"rendered":"TEKKONKINKREET"},"content":{"rendered":"<p><\/p>\n<p>von Michael Arias | 2006 | 111 Min. | 35mm | OmeU<\/p>\n<p>In einer Stadt, in der der Mond l\u00e4chelt und Jungen fliegen k\u00f6nnen ist das Leben zugleich wunderbar und schrecklich &#8211; leider nur f\u00fcr die beiden Stra\u00dfenjungen Kuro (Schwarz) und Shiro (Wei\u00df) real. Dort verteidigen sie die Stadt gegen Yakuzas und Aliens. Eine dynamische Geschichte \u00fcber Freundschaft, Liebe und \u00fcber die menschliche G\u00fcte inmitten einer modernen, korrupten Gesellschaft.<\/p>\n<p>\u9244\u30b3\u30f3\u7b4b\u30af\u30ea\u30fc\u30c8 (Tekkon kinkuriito) | <a href=\"http:\/\/www.sonypictures.com\/homevideo\/tekkonkinkreet\/\">Offizielle Website<\/a> | <a href=\"http:\/\/www.studio4c.co.jp\/top.html\">Studio 4\u00b0C<\/a> \/ Sony<\/p>\n<p><a href=\"https:\/\/jffh.de\/wp-content\/uploads\/2009\/01\/tekkonkonkreet1.jpg\"><img decoding=\"async\" loading=\"lazy\" class=\"alignnone size-full wp-image-697\" src=\"https:\/\/jffh.de\/wp-content\/uploads\/2009\/01\/tekkonkonkreet1.jpg\" alt=\"\" width=\"340\" height=\"144\" srcset=\"https:\/\/archiv.jffh.de\/wp-content\/uploads\/2009\/01\/tekkonkonkreet1.jpg 340w, https:\/\/archiv.jffh.de\/wp-content\/uploads\/2009\/01\/tekkonkonkreet1-300x127.jpg 300w\" sizes=\"(max-width: 340px) 100vw, 340px\" \/><\/a><\/p>\n<p><a href=\"https:\/\/jffh.de\/wp-content\/uploads\/2009\/01\/tekkonkonkreet2.jpg\"><img decoding=\"async\" loading=\"lazy\" class=\"alignnone size-full wp-image-698\" src=\"https:\/\/jffh.de\/wp-content\/uploads\/2009\/01\/tekkonkonkreet2.jpg\" alt=\"\" width=\"340\" height=\"144\" srcset=\"https:\/\/archiv.jffh.de\/wp-content\/uploads\/2009\/01\/tekkonkonkreet2.jpg 340w, https:\/\/archiv.jffh.de\/wp-content\/uploads\/2009\/01\/tekkonkonkreet2-300x127.jpg 300w\" sizes=\"(max-width: 340px) 100vw, 340px\" \/><\/a><\/p>\n<p><a href=\"https:\/\/jffh.de\/wp-content\/uploads\/2009\/01\/tekkonkonkreet3.jpg\"><img decoding=\"async\" loading=\"lazy\" class=\"alignnone size-full wp-image-699\" src=\"https:\/\/jffh.de\/wp-content\/uploads\/2009\/01\/tekkonkonkreet3.jpg\" alt=\"\" width=\"340\" height=\"144\" srcset=\"https:\/\/archiv.jffh.de\/wp-content\/uploads\/2009\/01\/tekkonkonkreet3.jpg 340w, https:\/\/archiv.jffh.de\/wp-content\/uploads\/2009\/01\/tekkonkonkreet3-300x127.jpg 300w\" sizes=\"(max-width: 340px) 100vw, 340px\" \/><\/a><\/p>\n<hr \/>\n<p><\/p>\n<div class=\"twoclick_social_bookmarks_post_696 social_share_privacy clearfix 1.6.4 locale-ja sprite-de_DE\"><\/div><div class=\"twoclick-js\"><script type=\"text\/javascript\">\/* <![CDATA[ *\/\njQuery(document).ready(function($){if($('.twoclick_social_bookmarks_post_696')){$('.twoclick_social_bookmarks_post_696').socialSharePrivacy({\"services\":{\"facebook\":{\"status\":\"on\",\"txt_info\":\"2 Klicks f\\u00fcr mehr Datenschutz: Erst wenn Sie hier klicken, wird der Button aktiv und Sie k\\u00f6nnen Ihre Empfehlung an Facebook senden. Schon beim Aktivieren werden Daten an Dritte \\u00fcbertragen - siehe <em>i<\\\/em>.\",\"perma_option\":\"off\",\"action\":\"like\",\"language\":\"de_DE\"},\"twitter\":{\"reply_to\":\"\",\"tweet_text\":\"%20TEKKONKINKREET%20%C2%BB%20...\",\"status\":\"on\",\"txt_info\":\"2 Klicks f\\u00fcr mehr Datenschutz: Erst wenn Sie hier klicken, wird der Button aktiv und Sie k\\u00f6nnen Ihre Empfehlung an Twitter senden. Schon beim Aktivieren werden Daten an Dritte \\u00fcbertragen - siehe <em>i<\\\/em>.\",\"perma_option\":\"off\",\"language\":\"de\",\"referrer_track\":\"\"}},\"txt_help\":\"Wenn Sie diese Felder durch einen Klick aktivieren, werden Informationen an Facebook, Twitter, Flattr, Xing, t3n, LinkedIn, Pinterest oder Google eventuell ins Ausland \\u00fcbertragen und unter Umst\\u00e4nden auch dort gespeichert. N\\u00e4heres erfahren Sie durch einen Klick auf das <em>i<\\\/em>.\",\"settings_perma\":\"Dauerhaft aktivieren und Daten\\u00fcber-tragung zustimmen:\",\"info_link\":\"http:\\\/\\\/www.heise.de\\\/ct\\\/artikel\\\/2-Klicks-fuer-mehr-Datenschutz-1333879.html\",\"uri\":\"https:\\\/\\\/archiv.jffh.de\\\/ja\\\/2007\\\/tekkonkinkreet\\\/\",\"post_id\":696,\"post_title_referrer_track\":\"TEKKONKINKREET\",\"display_infobox\":\"on\"});}});\n\/* ]]> *\/<\/script><\/div>","protected":false},"excerpt":{"rendered":"<div class=\"seriesmeta\">This entry is part 22 of 42 in the series <a href=\"https:\/\/archiv.jffh.de\/ja\/series\/jffh2007\/\" class=\"series-53\" title=\"JFFH 2007\">JFFH 2007<\/a><\/div><p>von Michael Arias | 2006 | 111 Min. | 35mm | OmeU In einer Stadt, in der der Mond l\u00e4chelt und Jungen fliegen k [&hellip;]<\/p>\n","protected":false},"author":5,"featured_media":0,"comment_status":"closed","ping_status":"open","sticky":false,"template":"","format":"standard","meta":[],"categories":[96],"tags":[56],"series":[53],"_links":{"self":[{"href":"https:\/\/archiv.jffh.de\/ja\/wp-json\/wp\/v2\/posts\/696"}],"collection":[{"href":"https:\/\/archiv.jffh.de\/ja\/wp-json\/wp\/v2\/posts"}],"about":[{"href":"https:\/\/archiv.jffh.de\/ja\/wp-json\/wp\/v2\/types\/post"}],"author":[{"embeddable":true,"href":"https:\/\/archiv.jffh.de\/ja\/wp-json\/wp\/v2\/users\/5"}],"replies":[{"embeddable":true,"href":"https:\/\/archiv.jffh.de\/ja\/wp-json\/wp\/v2\/comments?post=696"}],"version-history":[{"count":0,"href":"https:\/\/archiv.jffh.de\/ja\/wp-json\/wp\/v2\/posts\/696\/revisions"}],"wp:attachment":[{"href":"https:\/\/archiv.jffh.de\/ja\/wp-json\/wp\/v2\/media?parent=696"}],"wp:term":[{"taxonomy":"category","embeddable":true,"href":"https:\/\/archiv.jffh.de\/ja\/wp-json\/wp\/v2\/categories?post=696"},{"taxonomy":"post_tag","embeddable":true,"href":"https:\/\/archiv.jffh.de\/ja\/wp-json\/wp\/v2\/tags?post=696"},{"taxonomy":"series","embeddable":true,"href":"https:\/\/archiv.jffh.de\/ja\/wp-json\/wp\/v2\/series?post=696"}],"curies":[{"name":"wp","href":"https:\/\/api.w.org\/{rel}","templated":true}]}}